{"id":60,"date":"2008-08-28T14:25:45","date_gmt":"2008-08-28T12:25:45","guid":{"rendered":"https:\/\/moto-mz.fr\/?p=60"},"modified":"2008-08-28T14:28:44","modified_gmt":"2008-08-28T12:28:44","slug":"wankel-ag-sinteresse-au-rachat-de-la-marque-de-moto-allemande","status":"publish","type":"post","link":"https:\/\/moto-mz.fr\/index.php\/moto\/wankel-ag-sinteresse-au-rachat-de-la-marque-de-moto-allemande\/","title":{"rendered":"Wankel AG s&rsquo;int\u00e9resse au rachat de la marque de moto allemande"},"content":{"rendered":"<p><img loading=\"lazy\" decoding=\"async\" class=\"alignnone\" title=\"Rachat usine MZ\" src=\"https:\/\/moto-mz.fr\/wp-content\/uploads\/\/photos\/repreneurs_mz.png\" alt=\"\" width=\"180\" height=\"160\" \/><\/p>\n<p>Bonne nouvelle pour la marque MZ, un industriel connu dans le milieu automobile avec ses moteurs rotatifs, utilis\u00e9s il y a quelques ann\u00e9es sur certains mod\u00e8les de voitures et actuellement sur des avions et dans le monde du karting, (<a title=\"Wankel AG\" href=\"http:\/\/www.wankel-ag.de\/\" target=\"_blank\">Wankel AG<\/a>) semble int\u00e9ress\u00e9 par le rachat de la soci\u00e9t\u00e9.<\/p>\n<p>Rien n&rsquo;est encore fait, il faut que Wankel rassemble les cinq millions d&rsquo;euros n\u00e9cessaires au rachat mais nous croisons les doigts pour que cette investisseur permette \u00e0 MZ de continuer la fabrication de motos et si possible, de faire (re)connaitre ou plut\u00f4t donner une seconde vie \u00e0 l&rsquo;entreprise car les motos en valent r\u00e9\u00e9lement la peine!<\/p>\n<p>Nous vous incitons vivement \u00e0 continuer \u00e0 envoyer la p\u00e9tition que vous pouvez trouver un peu plus bas afin d&rsquo;appuyer le fait que de nombreux clients potentiels s&rsquo;int\u00e9ressent \u00e0 la marque.<\/p>\n","protected":false},"excerpt":{"rendered":"<p>Bonne nouvelle pour la marque MZ, un industriel connu dans le milieu automobile avec ses moteurs rotatifs, utilis\u00e9s il y a quelques ann\u00e9es sur certains mod\u00e8les de voitures et actuellement sur des avions et dans le monde du karting, (Wankel AG) semble int\u00e9ress\u00e9 par le rachat de la soci\u00e9t\u00e9. Rien n&rsquo;est encore fait, il faut [&hellip;]<\/p>\n","protected":false},"author":1,"featured_media":0,"comment_status":"open","ping_status":"open","sticky":false,"template":"","format":"standard","meta":{"footnotes":""},"categories":[3],"tags":[13,10,12,11],"class_list":["post-60","post","type-post","status-publish","format-standard","hentry","category-moto","tag-marque","tag-rachat","tag-usine","tag-wankel"],"_links":{"self":[{"href":"https:\/\/moto-mz.fr\/index.php\/wp-json\/wp\/v2\/posts\/60","targetHints":{"allow":["GET"]}}],"collection":[{"href":"https:\/\/moto-mz.fr\/index.php\/wp-json\/wp\/v2\/posts"}],"about":[{"href":"https:\/\/moto-mz.fr\/index.php\/wp-json\/wp\/v2\/types\/post"}],"author":[{"embeddable":true,"href":"https:\/\/moto-mz.fr\/index.php\/wp-json\/wp\/v2\/users\/1"}],"replies":[{"embeddable":true,"href":"https:\/\/moto-mz.fr\/index.php\/wp-json\/wp\/v2\/comments?post=60"}],"version-history":[{"count":4,"href":"https:\/\/moto-mz.fr\/index.php\/wp-json\/wp\/v2\/posts\/60\/revisions"}],"predecessor-version":[{"id":62,"href":"https:\/\/moto-mz.fr\/index.php\/wp-json\/wp\/v2\/posts\/60\/revisions\/62"}],"wp:attachment":[{"href":"https:\/\/moto-mz.fr\/index.php\/wp-json\/wp\/v2\/media?parent=60"}],"wp:term":[{"taxonomy":"category","embeddable":true,"href":"https:\/\/moto-mz.fr\/index.php\/wp-json\/wp\/v2\/categories?post=60"},{"taxonomy":"post_tag","embeddable":true,"href":"https:\/\/moto-mz.fr\/index.php\/wp-json\/wp\/v2\/tags?post=60"}],"curies":[{"name":"wp","href":"https:\/\/api.w.org\/{rel}","templated":true}]}}