{"id":43,"date":"2007-09-23T22:03:41","date_gmt":"2007-09-23T20:03:41","guid":{"rendered":"https:\/\/moto-mz.fr\/index.php\/moto\/photo-de-ma-belle-moto\/"},"modified":"2007-09-26T13:27:46","modified_gmt":"2007-09-26T11:27:46","slug":"photo-de-ma-belle-moto","status":"publish","type":"post","link":"https:\/\/moto-mz.fr\/index.php\/moto\/photo-de-ma-belle-moto\/","title":{"rendered":"Photo de ma belle moto"},"content":{"rendered":"<p>Je n&rsquo;ai plus post\u00e9 de <a href=\"https:\/\/moto-mz.fr\/index.php\/moto\/1ere-photo\/\">photos<\/a> de ma jolie moto depuis pas mal de temps donc en voila une qui date d&rsquo;aujourd&rsquo;hui m\u00eame.<\/p>\n<p><img loading=\"lazy\" decoding=\"async\" src=\"https:\/\/moto-mz.fr\/wp-content\/uploads\/\/photos\/sceance-photos\/MZ_R_Antoine.jpg\" title=\"Moto MZ 125 Rt de Antoine\" alt=\"Moto MZ 125 Rt de Antoine\" border=\"3\" height=\"372\" width=\"496\" \/><\/p>\n<p>Je posterais bient\u00f4t une s\u00e9lection de la s\u00e9ance photo de cet apr\u00e8s-midi. Vous pourrez y voir les diff\u00e9rentes parties de la moto en gros plan.<\/p>\n<p>Que pensez-vous de cette \u00ab\u00a0premi\u00e8re\u00a0\u00bb photo? N&rsquo;h\u00e9sitez pas \u00e0 me laisser votre opinion en commentaire \ud83d\ude42<\/p>\n","protected":false},"excerpt":{"rendered":"<p>Je n&rsquo;ai plus post\u00e9 de photos de ma jolie moto depuis pas mal de temps donc en voila une qui date d&rsquo;aujourd&rsquo;hui m\u00eame. Je posterais bient\u00f4t une s\u00e9lection de la s\u00e9ance photo de cet apr\u00e8s-midi. Vous pourrez y voir les diff\u00e9rentes parties de la moto en gros plan. Que pensez-vous de cette \u00ab\u00a0premi\u00e8re\u00a0\u00bb photo? N&rsquo;h\u00e9sitez [&hellip;]<\/p>\n","protected":false},"author":1,"featured_media":0,"comment_status":"open","ping_status":"open","sticky":false,"template":"","format":"standard","meta":{"footnotes":""},"categories":[3],"tags":[],"class_list":["post-43","post","type-post","status-publish","format-standard","hentry","category-moto"],"_links":{"self":[{"href":"https:\/\/moto-mz.fr\/index.php\/wp-json\/wp\/v2\/posts\/43","targetHints":{"allow":["GET"]}}],"collection":[{"href":"https:\/\/moto-mz.fr\/index.php\/wp-json\/wp\/v2\/posts"}],"about":[{"href":"https:\/\/moto-mz.fr\/index.php\/wp-json\/wp\/v2\/types\/post"}],"author":[{"embeddable":true,"href":"https:\/\/moto-mz.fr\/index.php\/wp-json\/wp\/v2\/users\/1"}],"replies":[{"embeddable":true,"href":"https:\/\/moto-mz.fr\/index.php\/wp-json\/wp\/v2\/comments?post=43"}],"version-history":[{"count":0,"href":"https:\/\/moto-mz.fr\/index.php\/wp-json\/wp\/v2\/posts\/43\/revisions"}],"wp:attachment":[{"href":"https:\/\/moto-mz.fr\/index.php\/wp-json\/wp\/v2\/media?parent=43"}],"wp:term":[{"taxonomy":"category","embeddable":true,"href":"https:\/\/moto-mz.fr\/index.php\/wp-json\/wp\/v2\/categories?post=43"},{"taxonomy":"post_tag","embeddable":true,"href":"https:\/\/moto-mz.fr\/index.php\/wp-json\/wp\/v2\/tags?post=43"}],"curies":[{"name":"wp","href":"https:\/\/api.w.org\/{rel}","templated":true}]}}